{"id":15697,"date":"2024-11-19T12:33:42","date_gmt":"2024-11-19T17:33:42","guid":{"rendered":"https:\/\/garderiepetitbaobab.ca\/2024\/11\/19\/celebrating-fathers-day-at-garderie-petit-baobab\/"},"modified":"2024-12-09T09:10:08","modified_gmt":"2024-12-09T14:10:08","slug":"celebrer-la-fete","status":"publish","type":"post","link":"https:\/\/garderiepetitbaobab.ca\/fr\/2024\/11\/19\/celebrer-la-fete\/","title":{"rendered":"C\u00e9l\u00e9brer la f\u00eate des p\u00e8res \u00e0 la Garderie Petit Baobab"},"content":{"rendered":"\n<h5 class=\"wp-block-heading\">C\u00e9l\u00e9bration de la f\u00eate des p\u00e8res \u00e0 la Garderie Petit Baobab : une journ\u00e9e m\u00e9morable pour les papas et les enfants<\/h5>\n\n\n\n<p class=\"wp-block-paragraph\">C\u00e9l\u00e9bration de la f\u00eate des p\u00e8res \u00e0 la Garderie Petit Baobab : une journ\u00e9e m\u00e9morable pour les papas et les enfants<\/p>\n\n\n\n<p class=\"wp-block-paragraph\">\u00c0 la Garderie Petit Baobab, nous c\u00e9l\u00e9brons les liens entre les enfants et leurs familles. Cette ann\u00e9e, notre \u00e9v\u00e9nement de la F\u00eate des P\u00e8res a \u00e9t\u00e9 une occasion r\u00e9confortante, remplie de plaisir, de rires et de moments m\u00e9morables. Nous avons invit\u00e9 les p\u00e8res \u00e0 nous rejoindre pour une journ\u00e9e qui leur est d\u00e9di\u00e9e, o\u00f9 ils pourront passer du temps de qualit\u00e9 avec leurs petits et participer \u00e0 des activit\u00e9s passionnantes con\u00e7ues pour renforcer le lien entre p\u00e8res et enfants.<\/p>\n\n\n\n<p class=\"wp-block-paragraph\"><strong>Activit\u00e9s de f\u00eate des p\u00e8res pour les papas et les enfants<\/strong><\/p>\n\n\n\n<p class=\"has-text-align-left wp-block-paragraph\">Notre \u00e9v\u00e9nement de la f\u00eate des P\u00e8res \u00e9tait rempli d&rsquo;activit\u00e9s engageantes qui encouragent les papas \u00e0 s&rsquo;impliquer et \u00e0 interagir de mani\u00e8re significative avec leurs enfants. Il y en avait pour tous les go\u00fbts !<\/p>\n\n\n\n<div class=\"wp-block-jetpack-tiled-gallery aligncenter is-style-rectangular\"><div class=\"\"><div class=\"tiled-gallery__gallery\"><div class=\"tiled-gallery__row\"><div class=\"tiled-gallery__col\" style=\"flex-basis:66.76273%\"><figure class=\"tiled-gallery__item\"><img decoding=\"async\" alt=\"fathers day at the daycare in orangeville\" data-height=\"1200\" data-id=\"15550\" data-link=\"https:\/\/garderiepetitbaobab.ca\/img-20240615-wa0012\/\" data-url=\"https:\/\/garderiepetitbaobab.ca\/wp-content\/uploads\/2024\/11\/IMG-20240615-WA0012-1024x768.jpg\" data-width=\"1600\" src=\"https:\/\/i0.wp.com\/garderiepetitbaobab.wpcomstaging.com\/wp-content\/uploads\/2024\/11\/IMG-20240615-WA0012-1024x768.jpg?ssl=1\" data-amp-layout=\"responsive\" tabindex=\"0\" role=\"button\" aria-label=\"Open image 1 of 10 in full-screen\"\/><\/figure><\/div><div class=\"tiled-gallery__col\" style=\"flex-basis:33.23727%\"><figure class=\"tiled-gallery__item\"><img decoding=\"async\" alt=\"fathers day at the daycare in orangeville\" data-height=\"1200\" data-id=\"15549\" data-link=\"https:\/\/garderiepetitbaobab.ca\/img-20240615-wa0011\/\" data-url=\"https:\/\/garderiepetitbaobab.ca\/wp-content\/uploads\/2024\/11\/IMG-20240615-WA0011-1024x768.jpg\" data-width=\"1600\" src=\"https:\/\/i0.wp.com\/garderiepetitbaobab.wpcomstaging.com\/wp-content\/uploads\/2024\/11\/IMG-20240615-WA0011-1024x768.jpg?ssl=1\" data-amp-layout=\"responsive\" tabindex=\"0\" role=\"button\" aria-label=\"Open image 2 of 10 in full-screen\"\/><\/figure><figure class=\"tiled-gallery__item\"><img decoding=\"async\" alt=\"fathers day at the daycare in orangeville\" data-height=\"1200\" data-id=\"15548\" data-link=\"https:\/\/garderiepetitbaobab.ca\/img-20240615-wa0010\/\" data-url=\"https:\/\/garderiepetitbaobab.ca\/wp-content\/uploads\/2024\/11\/IMG-20240615-WA0010-1024x768.jpg\" data-width=\"1600\" src=\"https:\/\/i0.wp.com\/garderiepetitbaobab.wpcomstaging.com\/wp-content\/uploads\/2024\/11\/IMG-20240615-WA0010-1024x768.jpg?ssl=1\" data-amp-layout=\"responsive\" tabindex=\"0\" role=\"button\" aria-label=\"Open image 3 of 10 in full-screen\"\/><\/figure><\/div><\/div><div class=\"tiled-gallery__row\"><div class=\"tiled-gallery__col\" style=\"flex-basis:33.33333%\"><figure class=\"tiled-gallery__item\"><img decoding=\"async\" alt=\"fathers day at the daycare in orangeville\" data-height=\"1200\" data-id=\"15547\" data-link=\"https:\/\/garderiepetitbaobab.ca\/img-20240615-wa0009\/\" data-url=\"https:\/\/garderiepetitbaobab.ca\/wp-content\/uploads\/2024\/11\/IMG-20240615-WA0009-1024x768.jpg\" data-width=\"1600\" src=\"https:\/\/i0.wp.com\/garderiepetitbaobab.wpcomstaging.com\/wp-content\/uploads\/2024\/11\/IMG-20240615-WA0009-1024x768.jpg?ssl=1\" data-amp-layout=\"responsive\" tabindex=\"0\" role=\"button\" aria-label=\"Open image 4 of 10 in full-screen\"\/><\/figure><\/div><div class=\"tiled-gallery__col\" style=\"flex-basis:33.33333%\"><figure class=\"tiled-gallery__item\"><img decoding=\"async\" alt=\"fathers day at the daycare in orangeville\" data-height=\"1200\" data-id=\"15546\" data-link=\"https:\/\/garderiepetitbaobab.ca\/img-20240615-wa0008\/\" data-url=\"https:\/\/garderiepetitbaobab.ca\/wp-content\/uploads\/2024\/11\/IMG-20240615-WA0008-1024x768.jpg\" data-width=\"1600\" src=\"https:\/\/i0.wp.com\/garderiepetitbaobab.wpcomstaging.com\/wp-content\/uploads\/2024\/11\/IMG-20240615-WA0008-1024x768.jpg?ssl=1\" data-amp-layout=\"responsive\" tabindex=\"0\" role=\"button\" aria-label=\"Open image 5 of 10 in full-screen\"\/><\/figure><\/div><div class=\"tiled-gallery__col\" style=\"flex-basis:33.33333%\"><figure class=\"tiled-gallery__item\"><img decoding=\"async\" alt=\"fathers day at the daycare in orangeville\" data-height=\"1200\" data-id=\"15545\" data-link=\"https:\/\/garderiepetitbaobab.ca\/img-20240615-wa0007\/\" data-url=\"https:\/\/garderiepetitbaobab.ca\/wp-content\/uploads\/2024\/11\/IMG-20240615-WA0007-1024x768.jpg\" data-width=\"1600\" src=\"https:\/\/i0.wp.com\/garderiepetitbaobab.wpcomstaging.com\/wp-content\/uploads\/2024\/11\/IMG-20240615-WA0007-1024x768.jpg?ssl=1\" data-amp-layout=\"responsive\" tabindex=\"0\" role=\"button\" aria-label=\"Open image 6 of 10 in full-screen\"\/><\/figure><\/div><\/div><div class=\"tiled-gallery__row\"><div class=\"tiled-gallery__col\" style=\"flex-basis:31.96820%\"><figure class=\"tiled-gallery__item\"><img decoding=\"async\" alt=\"fathers day at the daycare in orangeville\" data-height=\"1200\" data-id=\"15544\" data-link=\"https:\/\/garderiepetitbaobab.ca\/img-20240615-wa0006\/\" data-url=\"https:\/\/garderiepetitbaobab.ca\/wp-content\/uploads\/2024\/11\/IMG-20240615-WA0006-1024x768.jpg\" data-width=\"1600\" src=\"https:\/\/i0.wp.com\/garderiepetitbaobab.wpcomstaging.com\/wp-content\/uploads\/2024\/11\/IMG-20240615-WA0006-1024x768.jpg?ssl=1\" data-amp-layout=\"responsive\" tabindex=\"0\" role=\"button\" aria-label=\"Open image 7 of 10 in full-screen\"\/><\/figure><\/div><div class=\"tiled-gallery__col\" style=\"flex-basis:31.96820%\"><figure class=\"tiled-gallery__item\"><img decoding=\"async\" alt=\"fathers day at the daycare in orangeville\" data-height=\"1200\" data-id=\"15543\" data-link=\"https:\/\/garderiepetitbaobab.ca\/img-20240615-wa0005\/\" data-url=\"https:\/\/garderiepetitbaobab.ca\/wp-content\/uploads\/2024\/11\/IMG-20240615-WA0005-1024x768.jpg\" data-width=\"1600\" src=\"https:\/\/i0.wp.com\/garderiepetitbaobab.wpcomstaging.com\/wp-content\/uploads\/2024\/11\/IMG-20240615-WA0005-1024x768.jpg?ssl=1\" data-amp-layout=\"responsive\" tabindex=\"0\" role=\"button\" aria-label=\"Open image 8 of 10 in full-screen\"\/><\/figure><\/div><div class=\"tiled-gallery__col\" style=\"flex-basis:18.03180%\"><figure class=\"tiled-gallery__item\"><img decoding=\"async\" alt=\"fathers day at the daycare in orangeville\" data-height=\"2048\" data-id=\"15542\" data-link=\"https:\/\/garderiepetitbaobab.ca\/img-20240615-wa0004\/\" data-url=\"https:\/\/garderiepetitbaobab.ca\/wp-content\/uploads\/2024\/11\/IMG-20240615-WA0004-768x1024.jpg\" data-width=\"1536\" src=\"https:\/\/i0.wp.com\/garderiepetitbaobab.wpcomstaging.com\/wp-content\/uploads\/2024\/11\/IMG-20240615-WA0004-768x1024.jpg?ssl=1\" data-amp-layout=\"responsive\" tabindex=\"0\" role=\"button\" aria-label=\"Open image 9 of 10 in full-screen\"\/><\/figure><\/div><div class=\"tiled-gallery__col\" style=\"flex-basis:18.03180%\"><figure class=\"tiled-gallery__item\"><img decoding=\"async\" alt=\"fathers day at the daycare in orangeville\" data-height=\"2048\" data-id=\"15541\" data-link=\"https:\/\/garderiepetitbaobab.ca\/img-20240615-wa0003\/\" data-url=\"https:\/\/garderiepetitbaobab.ca\/wp-content\/uploads\/2024\/11\/IMG-20240615-WA0003-768x1024.jpg\" data-width=\"1536\" src=\"https:\/\/i0.wp.com\/garderiepetitbaobab.wpcomstaging.com\/wp-content\/uploads\/2024\/11\/IMG-20240615-WA0003-768x1024.jpg?ssl=1\" data-amp-layout=\"responsive\" tabindex=\"0\" role=\"button\" aria-label=\"Open image 10 of 10 in full-screen\"\/><\/figure><\/div><\/div><\/div><\/div><\/div>\n\n\n\n<div style=\"height:78px\" aria-hidden=\"true\" class=\"wp-block-spacer\"><\/div>\n\n\n\n<p class=\"wp-block-paragraph\"><strong>Jeux Ext\u00e9rieurs<\/strong> : Notre espace ext\u00e9rieur \u00e9tait rempli d&rsquo;\u00e9nergie alors que les p\u00e8res et les enfants participaient \u00e0 des jeux comme le lancer d&rsquo;anneaux, des jeux de frisbee et de nombreuses s\u00e9ances de photos.&nbsp;<\/p>\n\n\n\n<p class=\"wp-block-paragraph\"><strong>Collations et friandises sp\u00e9ciales&nbsp;:<\/strong> Nous avons pr\u00e9par\u00e9 de d\u00e9licieuses collations pour tout le monde&nbsp;; notre station de pop-corn \u00e9tait l&rsquo;une des pr\u00e9f\u00e9r\u00e9es.<\/p>\n\n\n\n<h3 class=\"wp-block-heading\"><strong>Cr\u00e9er des souvenirs durables<\/strong><\/h3>\n\n\n\n<p class=\"wp-block-paragraph\">Les sourires et les rires partag\u00e9s tout au long de l&rsquo;\u00e9v\u00e9nement t\u00e9moignent du fort esprit communautaire qui r\u00e8gne ici \u00e0 la Garderie Petit Baobab. C&rsquo;\u00e9tait une joie de voir des p\u00e8res tisser des liens avec leurs enfants, cr\u00e9ant des souvenirs qu&rsquo;ils ch\u00e9riront pendant des ann\u00e9es. Nos \u00e9ducatrices ont pr\u00e9par\u00e9 toutes les activit\u00e9s avec beaucoup d\u2019attention permettant aux enfants d&rsquo;explorer de nouvelles fa\u00e7ons d&rsquo;exprimer leur amour et leur gratitude envers leur p\u00e8re \u00e0 la fois amusante et \u00e9ducative.<\/p>\n\n\n\n<p class=\"wp-block-paragraph\"><strong>Pourquoi nous c\u00e9l\u00e9brons la f\u00eate des p\u00e8res \u00e0 la Garderie Petit Baobab<\/strong><\/p>\n\n\n\n<p class=\"wp-block-paragraph\">\u00c0 la Garderie Petit Baobab, nous valorisons l&rsquo;implication des familles dans le d\u00e9veloppement de la petite enfance. Des \u00e9v\u00e9nements comme la c\u00e9l\u00e9bration de la f\u00eate des p\u00e8res offrent aux parents l&rsquo;occasion de s&rsquo;engager avec leurs enfants dans un environnement stimulant, \u00e9tablissant ainsi une base d&rsquo;amour et de confiance. Nous avons h\u00e2te de poursuivre cette tradition et de c\u00e9l\u00e9brer les moments privil\u00e9gi\u00e9s qui rapprochent les familles.<\/p>\n\n\n\n<div style=\"height:100px\" aria-hidden=\"true\" class=\"wp-block-spacer\"><\/div>\n\n\n\n\n\n<p class=\"wp-block-paragraph\"><\/p>\n","protected":false},"excerpt":{"rendered":"<p>At Garderie Petit Baobab, we celebrate the special bonds between children and their families. This year, our Father&rsquo;s Day event was a heartwarming occasion filled with fun<\/p>\n","protected":false},"author":254189320,"featured_media":15698,"comment_status":"closed","ping_status":"open","sticky":false,"template":"","format":"standard","meta":{"_crdt_document":"","footnotes":""},"categories":[1438,1441],"tags":[1440,1442],"class_list":["post-15697","post","type-post","status-publish","format-standard","has-post-thumbnail","hentry","category-events-fr","category-holidays-fr","tag-orangeville-fr","tag-orangeville-children-daycare-fr"],"yoast_head":"<!-- This site is optimized with the Yoast SEO plugin v27.4 - https:\/\/yoast.com\/product\/yoast-seo-wordpress\/ -->\n<title>C\u00e9l\u00e9brer la f\u00eate des p\u00e8res \u00e0 la Garderie Petit Baobab - Garderie Petit Baobab<\/title>\n<meta name=\"description\" content=\"C\u00e9l\u00e9brez la f\u00eate des p\u00e8res \u00e0 la garderie Petit Baobab. Les parents et la famille ont appr\u00e9ci\u00e9 nos activit\u00e9s\" \/>\n<meta name=\"robots\" content=\"index, follow, max-snippet:-1, max-image-preview:large, max-video-preview:-1\" \/>\n<link rel=\"canonical\" href=\"https:\/\/garderiepetitbaobab.ca\/fr\/2024\/11\/19\/celebrer-la-fete\/\" \/>\n<meta property=\"og:locale\" content=\"fr_FR\" \/>\n<meta property=\"og:type\" content=\"article\" \/>\n<meta property=\"og:title\" content=\"C\u00e9l\u00e9brer la f\u00eate des p\u00e8res \u00e0 la Garderie Petit Baobab - Garderie Petit Baobab\" \/>\n<meta property=\"og:description\" content=\"C\u00e9l\u00e9brez la f\u00eate des p\u00e8res \u00e0 la garderie Petit Baobab. Les parents et la famille ont appr\u00e9ci\u00e9 nos activit\u00e9s\" \/>\n<meta property=\"og:url\" content=\"https:\/\/garderiepetitbaobab.ca\/fr\/2024\/11\/19\/celebrer-la-fete\/\" \/>\n<meta property=\"og:site_name\" content=\"Garderie Petit Baobab\" \/>\n<meta property=\"article:published_time\" content=\"2024-11-19T17:33:42+00:00\" \/>\n<meta property=\"article:modified_time\" content=\"2024-12-09T14:10:08+00:00\" \/>\n<meta property=\"og:image\" content=\"https:\/\/garderiepetitbaobab.ca\/wp-content\/uploads\/2024\/11\/IMG-20240615-WA0009.jpg\" \/>\n\t<meta property=\"og:image:width\" content=\"1600\" \/>\n\t<meta property=\"og:image:height\" content=\"1200\" \/>\n\t<meta property=\"og:image:type\" content=\"image\/jpeg\" \/>\n<meta name=\"author\" content=\"WebTeam General\" \/>\n<meta name=\"twitter:card\" content=\"summary_large_image\" \/>\n<meta name=\"twitter:label1\" content=\"\u00c9crit par\" \/>\n\t<meta name=\"twitter:data1\" content=\"WebTeam General\" \/>\n\t<meta name=\"twitter:label2\" content=\"Dur\u00e9e de lecture estim\u00e9e\" \/>\n\t<meta name=\"twitter:data2\" content=\"4 minutes\" \/>\n<script type=\"application\/ld+json\" class=\"yoast-schema-graph\">{\"@context\":\"https:\\\/\\\/schema.org\",\"@graph\":[{\"@type\":\"Article\",\"@id\":\"https:\\\/\\\/garderiepetitbaobab.ca\\\/fr\\\/2024\\\/11\\\/19\\\/celebrer-la-fete\\\/#article\",\"isPartOf\":{\"@id\":\"https:\\\/\\\/garderiepetitbaobab.ca\\\/fr\\\/2024\\\/11\\\/19\\\/celebrer-la-fete\\\/\"},\"author\":{\"name\":\"WebTeam General\",\"@id\":\"https:\\\/\\\/garderiepetitbaobab.ca\\\/#\\\/schema\\\/person\\\/a69344bac87f0f196f6018594b1b8e0b\"},\"headline\":\"C\u00e9l\u00e9brer la f\u00eate des p\u00e8res \u00e0 la Garderie Petit Baobab\",\"datePublished\":\"2024-11-19T17:33:42+00:00\",\"dateModified\":\"2024-12-09T14:10:08+00:00\",\"mainEntityOfPage\":{\"@id\":\"https:\\\/\\\/garderiepetitbaobab.ca\\\/fr\\\/2024\\\/11\\\/19\\\/celebrer-la-fete\\\/\"},\"wordCount\":470,\"image\":{\"@id\":\"https:\\\/\\\/garderiepetitbaobab.ca\\\/fr\\\/2024\\\/11\\\/19\\\/celebrer-la-fete\\\/#primaryimage\"},\"thumbnailUrl\":\"https:\\\/\\\/garderiepetitbaobab.ca\\\/wp-content\\\/uploads\\\/2024\\\/11\\\/IMG-20240615-WA0009.jpg\",\"keywords\":[\"orangeville\",\"orangeville children daycare\"],\"articleSection\":[\"Events\",\"Holidays\"],\"inLanguage\":\"fr-FR\"},{\"@type\":\"WebPage\",\"@id\":\"https:\\\/\\\/garderiepetitbaobab.ca\\\/fr\\\/2024\\\/11\\\/19\\\/celebrer-la-fete\\\/\",\"url\":\"https:\\\/\\\/garderiepetitbaobab.ca\\\/fr\\\/2024\\\/11\\\/19\\\/celebrer-la-fete\\\/\",\"name\":\"C\u00e9l\u00e9brer la f\u00eate des p\u00e8res \u00e0 la Garderie Petit Baobab - Garderie Petit Baobab\",\"isPartOf\":{\"@id\":\"https:\\\/\\\/garderiepetitbaobab.ca\\\/#website\"},\"primaryImageOfPage\":{\"@id\":\"https:\\\/\\\/garderiepetitbaobab.ca\\\/fr\\\/2024\\\/11\\\/19\\\/celebrer-la-fete\\\/#primaryimage\"},\"image\":{\"@id\":\"https:\\\/\\\/garderiepetitbaobab.ca\\\/fr\\\/2024\\\/11\\\/19\\\/celebrer-la-fete\\\/#primaryimage\"},\"thumbnailUrl\":\"https:\\\/\\\/garderiepetitbaobab.ca\\\/wp-content\\\/uploads\\\/2024\\\/11\\\/IMG-20240615-WA0009.jpg\",\"datePublished\":\"2024-11-19T17:33:42+00:00\",\"dateModified\":\"2024-12-09T14:10:08+00:00\",\"author\":{\"@id\":\"https:\\\/\\\/garderiepetitbaobab.ca\\\/#\\\/schema\\\/person\\\/a69344bac87f0f196f6018594b1b8e0b\"},\"description\":\"C\u00e9l\u00e9brez la f\u00eate des p\u00e8res \u00e0 la garderie Petit Baobab. Les parents et la famille ont appr\u00e9ci\u00e9 nos activit\u00e9s\",\"breadcrumb\":{\"@id\":\"https:\\\/\\\/garderiepetitbaobab.ca\\\/fr\\\/2024\\\/11\\\/19\\\/celebrer-la-fete\\\/#breadcrumb\"},\"inLanguage\":\"fr-FR\",\"potentialAction\":[{\"@type\":\"ReadAction\",\"target\":[\"https:\\\/\\\/garderiepetitbaobab.ca\\\/fr\\\/2024\\\/11\\\/19\\\/celebrer-la-fete\\\/\"]}]},{\"@type\":\"ImageObject\",\"inLanguage\":\"fr-FR\",\"@id\":\"https:\\\/\\\/garderiepetitbaobab.ca\\\/fr\\\/2024\\\/11\\\/19\\\/celebrer-la-fete\\\/#primaryimage\",\"url\":\"https:\\\/\\\/garderiepetitbaobab.ca\\\/wp-content\\\/uploads\\\/2024\\\/11\\\/IMG-20240615-WA0009.jpg\",\"contentUrl\":\"https:\\\/\\\/garderiepetitbaobab.ca\\\/wp-content\\\/uploads\\\/2024\\\/11\\\/IMG-20240615-WA0009.jpg\",\"width\":1600,\"height\":1200},{\"@type\":\"BreadcrumbList\",\"@id\":\"https:\\\/\\\/garderiepetitbaobab.ca\\\/fr\\\/2024\\\/11\\\/19\\\/celebrer-la-fete\\\/#breadcrumb\",\"itemListElement\":[{\"@type\":\"ListItem\",\"position\":1,\"name\":\"Bienvenue\",\"item\":\"https:\\\/\\\/garderiepetitbaobab.ca\\\/fr\\\/\"},{\"@type\":\"ListItem\",\"position\":2,\"name\":\"C\u00e9l\u00e9brer la f\u00eate des p\u00e8res \u00e0 la Garderie Petit Baobab\"}]},{\"@type\":\"WebSite\",\"@id\":\"https:\\\/\\\/garderiepetitbaobab.ca\\\/#website\",\"url\":\"https:\\\/\\\/garderiepetitbaobab.ca\\\/\",\"name\":\"Garderie Petit Baobab\",\"description\":\"Daycare in Orangeville, ON\",\"potentialAction\":[{\"@type\":\"SearchAction\",\"target\":{\"@type\":\"EntryPoint\",\"urlTemplate\":\"https:\\\/\\\/garderiepetitbaobab.ca\\\/?s={search_term_string}\"},\"query-input\":{\"@type\":\"PropertyValueSpecification\",\"valueRequired\":true,\"valueName\":\"search_term_string\"}}],\"inLanguage\":\"fr-FR\"},{\"@type\":\"Person\",\"@id\":\"https:\\\/\\\/garderiepetitbaobab.ca\\\/#\\\/schema\\\/person\\\/a69344bac87f0f196f6018594b1b8e0b\",\"name\":\"WebTeam General\",\"image\":{\"@type\":\"ImageObject\",\"inLanguage\":\"fr-FR\",\"@id\":\"https:\\\/\\\/secure.gravatar.com\\\/avatar\\\/b8b44aac1464f79464a831792701a4b0b2516bb0a045d4b6653c726b6f11fd0a?s=96&d=identicon&r=g\",\"url\":\"https:\\\/\\\/secure.gravatar.com\\\/avatar\\\/b8b44aac1464f79464a831792701a4b0b2516bb0a045d4b6653c726b6f11fd0a?s=96&d=identicon&r=g\",\"contentUrl\":\"https:\\\/\\\/secure.gravatar.com\\\/avatar\\\/b8b44aac1464f79464a831792701a4b0b2516bb0a045d4b6653c726b6f11fd0a?s=96&d=identicon&r=g\",\"caption\":\"WebTeam General\"},\"sameAs\":[\"http:\\\/\\\/garderiepetitbaobab.wordpress.com\"],\"url\":\"https:\\\/\\\/garderiepetitbaobab.ca\\\/fr\\\/author\\\/webteam61780d116c\\\/\"}]}<\/script>\n<!-- \/ Yoast SEO plugin. -->","yoast_head_json":{"title":"C\u00e9l\u00e9brer la f\u00eate des p\u00e8res \u00e0 la Garderie Petit Baobab - Garderie Petit Baobab","description":"C\u00e9l\u00e9brez la f\u00eate des p\u00e8res \u00e0 la garderie Petit Baobab. Les parents et la famille ont appr\u00e9ci\u00e9 nos activit\u00e9s","robots":{"index":"index","follow":"follow","max-snippet":"max-snippet:-1","max-image-preview":"max-image-preview:large","max-video-preview":"max-video-preview:-1"},"canonical":"https:\/\/garderiepetitbaobab.ca\/fr\/2024\/11\/19\/celebrer-la-fete\/","og_locale":"fr_FR","og_type":"article","og_title":"C\u00e9l\u00e9brer la f\u00eate des p\u00e8res \u00e0 la Garderie Petit Baobab - Garderie Petit Baobab","og_description":"C\u00e9l\u00e9brez la f\u00eate des p\u00e8res \u00e0 la garderie Petit Baobab. Les parents et la famille ont appr\u00e9ci\u00e9 nos activit\u00e9s","og_url":"https:\/\/garderiepetitbaobab.ca\/fr\/2024\/11\/19\/celebrer-la-fete\/","og_site_name":"Garderie Petit Baobab","article_published_time":"2024-11-19T17:33:42+00:00","article_modified_time":"2024-12-09T14:10:08+00:00","og_image":[{"width":1600,"height":1200,"url":"https:\/\/garderiepetitbaobab.ca\/wp-content\/uploads\/2024\/11\/IMG-20240615-WA0009.jpg","type":"image\/jpeg"}],"author":"WebTeam General","twitter_card":"summary_large_image","twitter_misc":{"\u00c9crit par":"WebTeam General","Dur\u00e9e de lecture estim\u00e9e":"4 minutes"},"schema":{"@context":"https:\/\/schema.org","@graph":[{"@type":"Article","@id":"https:\/\/garderiepetitbaobab.ca\/fr\/2024\/11\/19\/celebrer-la-fete\/#article","isPartOf":{"@id":"https:\/\/garderiepetitbaobab.ca\/fr\/2024\/11\/19\/celebrer-la-fete\/"},"author":{"name":"WebTeam General","@id":"https:\/\/garderiepetitbaobab.ca\/#\/schema\/person\/a69344bac87f0f196f6018594b1b8e0b"},"headline":"C\u00e9l\u00e9brer la f\u00eate des p\u00e8res \u00e0 la Garderie Petit Baobab","datePublished":"2024-11-19T17:33:42+00:00","dateModified":"2024-12-09T14:10:08+00:00","mainEntityOfPage":{"@id":"https:\/\/garderiepetitbaobab.ca\/fr\/2024\/11\/19\/celebrer-la-fete\/"},"wordCount":470,"image":{"@id":"https:\/\/garderiepetitbaobab.ca\/fr\/2024\/11\/19\/celebrer-la-fete\/#primaryimage"},"thumbnailUrl":"https:\/\/garderiepetitbaobab.ca\/wp-content\/uploads\/2024\/11\/IMG-20240615-WA0009.jpg","keywords":["orangeville","orangeville children daycare"],"articleSection":["Events","Holidays"],"inLanguage":"fr-FR"},{"@type":"WebPage","@id":"https:\/\/garderiepetitbaobab.ca\/fr\/2024\/11\/19\/celebrer-la-fete\/","url":"https:\/\/garderiepetitbaobab.ca\/fr\/2024\/11\/19\/celebrer-la-fete\/","name":"C\u00e9l\u00e9brer la f\u00eate des p\u00e8res \u00e0 la Garderie Petit Baobab - Garderie Petit Baobab","isPartOf":{"@id":"https:\/\/garderiepetitbaobab.ca\/#website"},"primaryImageOfPage":{"@id":"https:\/\/garderiepetitbaobab.ca\/fr\/2024\/11\/19\/celebrer-la-fete\/#primaryimage"},"image":{"@id":"https:\/\/garderiepetitbaobab.ca\/fr\/2024\/11\/19\/celebrer-la-fete\/#primaryimage"},"thumbnailUrl":"https:\/\/garderiepetitbaobab.ca\/wp-content\/uploads\/2024\/11\/IMG-20240615-WA0009.jpg","datePublished":"2024-11-19T17:33:42+00:00","dateModified":"2024-12-09T14:10:08+00:00","author":{"@id":"https:\/\/garderiepetitbaobab.ca\/#\/schema\/person\/a69344bac87f0f196f6018594b1b8e0b"},"description":"C\u00e9l\u00e9brez la f\u00eate des p\u00e8res \u00e0 la garderie Petit Baobab. Les parents et la famille ont appr\u00e9ci\u00e9 nos activit\u00e9s","breadcrumb":{"@id":"https:\/\/garderiepetitbaobab.ca\/fr\/2024\/11\/19\/celebrer-la-fete\/#breadcrumb"},"inLanguage":"fr-FR","potentialAction":[{"@type":"ReadAction","target":["https:\/\/garderiepetitbaobab.ca\/fr\/2024\/11\/19\/celebrer-la-fete\/"]}]},{"@type":"ImageObject","inLanguage":"fr-FR","@id":"https:\/\/garderiepetitbaobab.ca\/fr\/2024\/11\/19\/celebrer-la-fete\/#primaryimage","url":"https:\/\/garderiepetitbaobab.ca\/wp-content\/uploads\/2024\/11\/IMG-20240615-WA0009.jpg","contentUrl":"https:\/\/garderiepetitbaobab.ca\/wp-content\/uploads\/2024\/11\/IMG-20240615-WA0009.jpg","width":1600,"height":1200},{"@type":"BreadcrumbList","@id":"https:\/\/garderiepetitbaobab.ca\/fr\/2024\/11\/19\/celebrer-la-fete\/#breadcrumb","itemListElement":[{"@type":"ListItem","position":1,"name":"Bienvenue","item":"https:\/\/garderiepetitbaobab.ca\/fr\/"},{"@type":"ListItem","position":2,"name":"C\u00e9l\u00e9brer la f\u00eate des p\u00e8res \u00e0 la Garderie Petit Baobab"}]},{"@type":"WebSite","@id":"https:\/\/garderiepetitbaobab.ca\/#website","url":"https:\/\/garderiepetitbaobab.ca\/","name":"Garderie Petit Baobab","description":"Daycare in Orangeville, ON","potentialAction":[{"@type":"SearchAction","target":{"@type":"EntryPoint","urlTemplate":"https:\/\/garderiepetitbaobab.ca\/?s={search_term_string}"},"query-input":{"@type":"PropertyValueSpecification","valueRequired":true,"valueName":"search_term_string"}}],"inLanguage":"fr-FR"},{"@type":"Person","@id":"https:\/\/garderiepetitbaobab.ca\/#\/schema\/person\/a69344bac87f0f196f6018594b1b8e0b","name":"WebTeam General","image":{"@type":"ImageObject","inLanguage":"fr-FR","@id":"https:\/\/secure.gravatar.com\/avatar\/b8b44aac1464f79464a831792701a4b0b2516bb0a045d4b6653c726b6f11fd0a?s=96&d=identicon&r=g","url":"https:\/\/secure.gravatar.com\/avatar\/b8b44aac1464f79464a831792701a4b0b2516bb0a045d4b6653c726b6f11fd0a?s=96&d=identicon&r=g","contentUrl":"https:\/\/secure.gravatar.com\/avatar\/b8b44aac1464f79464a831792701a4b0b2516bb0a045d4b6653c726b6f11fd0a?s=96&d=identicon&r=g","caption":"WebTeam General"},"sameAs":["http:\/\/garderiepetitbaobab.wordpress.com"],"url":"https:\/\/garderiepetitbaobab.ca\/fr\/author\/webteam61780d116c\/"}]}},"jetpack_featured_media_url":"https:\/\/garderiepetitbaobab.ca\/wp-content\/uploads\/2024\/11\/IMG-20240615-WA0009.jpg","jetpack_shortlink":"https:\/\/wp.me\/pfXJwv-45b","_links":{"self":[{"href":"https:\/\/garderiepetitbaobab.ca\/fr\/wp-json\/wp\/v2\/posts\/15697","targetHints":{"allow":["GET"]}}],"collection":[{"href":"https:\/\/garderiepetitbaobab.ca\/fr\/wp-json\/wp\/v2\/posts"}],"about":[{"href":"https:\/\/garderiepetitbaobab.ca\/fr\/wp-json\/wp\/v2\/types\/post"}],"author":[{"embeddable":true,"href":"https:\/\/garderiepetitbaobab.ca\/fr\/wp-json\/wp\/v2\/users\/254189320"}],"replies":[{"embeddable":true,"href":"https:\/\/garderiepetitbaobab.ca\/fr\/wp-json\/wp\/v2\/comments?post=15697"}],"version-history":[{"count":5,"href":"https:\/\/garderiepetitbaobab.ca\/fr\/wp-json\/wp\/v2\/posts\/15697\/revisions"}],"predecessor-version":[{"id":16012,"href":"https:\/\/garderiepetitbaobab.ca\/fr\/wp-json\/wp\/v2\/posts\/15697\/revisions\/16012"}],"wp:featuredmedia":[{"embeddable":true,"href":"https:\/\/garderiepetitbaobab.ca\/fr\/wp-json\/wp\/v2\/media\/15698"}],"wp:attachment":[{"href":"https:\/\/garderiepetitbaobab.ca\/fr\/wp-json\/wp\/v2\/media?parent=15697"}],"wp:term":[{"taxonomy":"category","embeddable":true,"href":"https:\/\/garderiepetitbaobab.ca\/fr\/wp-json\/wp\/v2\/categories?post=15697"},{"taxonomy":"post_tag","embeddable":true,"href":"https:\/\/garderiepetitbaobab.ca\/fr\/wp-json\/wp\/v2\/tags?post=15697"}],"curies":[{"name":"wp","href":"https:\/\/api.w.org\/{rel}","templated":true}]}}