{"id":15706,"date":"2024-11-20T10:42:31","date_gmt":"2024-11-20T15:42:31","guid":{"rendered":"https:\/\/garderiepetitbaobab.ca\/?p=15706"},"modified":"2024-12-09T09:08:23","modified_gmt":"2024-12-09T14:08:23","slug":"celebration-de-la-graduation-2024","status":"publish","type":"post","link":"https:\/\/garderiepetitbaobab.ca\/fr\/2024\/11\/20\/celebration-de-la-graduation-2024\/","title":{"rendered":"C\u00e9l\u00e9bration de la graduation 2024 \u2013 Une journ\u00e9e de joie, de fiert\u00e9 et de nouveaux d\u00e9parts \u00e0 la Garderie Petit Baobab\u00a0!"},"content":{"rendered":"\n<p class=\"wp-block-paragraph\">La c\u00e9r\u00e9monie de remise des dipl\u00f4mes de 2024 de la Garderie Petit Baobab a \u00e9t\u00e9 une c\u00e9l\u00e9bration r\u00e9confortante remplie de rires, de fiert\u00e9 et de pr\u00e9cieux souvenirs. Nos petits dipl\u00f4m\u00e9s, v\u00eatus de casquettes et de robes bleues, ont travers\u00e9 la sc\u00e8ne avec confiance, compl\u00e9tant ainsi leur premier parcours d&rsquo;apprentissage avec nous. Cet \u00e9v\u00e9nement marquant a rassembl\u00e9 des familles, des enseignants et des amis, tous r\u00e9unis pour encourager ces jeunes apprenants alors qu&rsquo;ils se pr\u00e9parent pour les aventures passionnantes qui les attendent.<\/p>\n\n\n\n<p class=\"wp-block-paragraph\"><br><\/p>\n\n\n\n\t\t<figure class=\"wp-block-jetpack-videopress jetpack-videopress-player wp-block-jetpack-videopress--has-max-width\" style=\"max-width: 571.198px;\" >\n\t\t\t<div class=\"jetpack-videopress-player__wrapper\"> <iframe title=\"VideoPress Video Player\" aria-label='VideoPress Video Player' width='1160' height='870' src='https:\/\/videopress.com\/embed\/mXZVcNz0?cover=1&amp;autoPlay=0&amp;controls=1&amp;loop=0&amp;muted=0&amp;persistVolume=1&amp;playsinline=0&amp;preloadContent=metadata&amp;useAverageColor=1&amp;hd=0' frameborder='0' allowfullscreen data-resize-to-parent=\"true\" allow='clipboard-write'><\/iframe><script src='https:\/\/v0.wordpress.com\/js\/next\/videopress-iframe.js?m=1725245713'><\/script><\/div>\n\t\t\t\n\t\t\t\n\t\t<\/figure>\n\t\t\n\n<div class=\"wp-block-image\">\n<figure class=\"aligncenter is-resized\"><img loading=\"lazy\" decoding=\"async\" width=\"854\" height=\"480\" src=\"https:\/\/garderiepetitbaobab.ca\/wp-content\/uploads\/2024\/11\/20240627_142949_mp4_dvd.original.jpg\" alt=\"\" class=\"wp-image-15740\" style=\"width:966px;height:auto\" srcset=\"https:\/\/garderiepetitbaobab.ca\/wp-content\/uploads\/2024\/11\/20240627_142949_mp4_dvd.original.jpg 854w, https:\/\/garderiepetitbaobab.ca\/wp-content\/uploads\/2024\/11\/20240627_142949_mp4_dvd.original-300x169.jpg 300w, https:\/\/garderiepetitbaobab.ca\/wp-content\/uploads\/2024\/11\/20240627_142949_mp4_dvd.original-768x432.jpg 768w, https:\/\/garderiepetitbaobab.ca\/wp-content\/uploads\/2024\/11\/20240627_142949_mp4_dvd.original-580x326.jpg 580w\" sizes=\"auto, (max-width: 854px) 100vw, 854px\" \/><\/figure>\n<\/div>\n\n\n<p class=\"wp-block-paragraph\"><br>Sous les d\u00e9corations et les lumi\u00e8res scintillantes, chaque enfant a \u00e9t\u00e9 c\u00e9l\u00e9br\u00e9 alors qu&rsquo;il montait sur sc\u00e8ne pour recevoir son dipl\u00f4me de fin d&rsquo;\u00e9tudes. Sous les applaudissements de leur famille et de leurs amis, les jeunes dipl\u00f4m\u00e9s rayonnaient de fiert\u00e9. Ce fut un moment \u00e9mouvant qui a mis en valeur \u00e0 quel point chaque enfant avait grandi, appris et s&rsquo;\u00e9tait \u00e9panoui \u00e0 la Garderie Petit Baobab.<\/p>\n\n\n\n<p class=\"wp-block-paragraph\">Notre \u00e9quipe s&rsquo;est surpass\u00e9e pour cr\u00e9er une toile de fond festive et inspirante pour cette journ\u00e9e m\u00e9morable. La sc\u00e8ne rayonnait d&rsquo;un sentiment d&rsquo;accomplissement et d&rsquo;\u00e9merveillement avec des ballons \u00ab 2024 \u00bb, des lumi\u00e8res scintillantes et des d\u00e9corations en forme d&rsquo;\u00e9toile. Chaque d\u00e9tail a \u00e9t\u00e9 soigneusement s\u00e9lectionn\u00e9 pour rendre la journ\u00e9e magique et m\u00e9morable.<\/p>\n\n\n\n<h2 class=\"wp-block-heading\"><strong><strong>Faits saillants de la c\u00e9r\u00e9monie de remise des dipl\u00f4mes de la promotion 2024<\/strong><br><\/strong><\/h2>\n\n\n\n<p class=\"wp-block-paragraph\">Les parents et les proches ont pris des photos et des vid\u00e9os avec enthousiasme, capturant chaque sourire, acclamation et \u00e9treinte. Ces clich\u00e9s seront de pr\u00e9cieux souvenirs, rappelant aux familles ce moment sp\u00e9cial dans la vie de leur enfant. L&rsquo;\u00e9v\u00e9nement a \u00e9t\u00e9 rempli de larmes de joie et d&rsquo;\u00e9treintes chaleureuses alors que les familles c\u00e9l\u00e9braient ensemble cette importante transition.<\/p>\n\n\n\n<p class=\"wp-block-paragraph\">Apr\u00e8s la c\u00e9r\u00e9monie, tout le monde a d\u00e9gust\u00e9 de d\u00e9licieuses friandises, notamment des cupcakes magnifiquement d\u00e9cor\u00e9s qui ont ajout\u00e9 une touche sucr\u00e9e \u00e0 la c\u00e9l\u00e9bration. Emball\u00e9s dans de jolies bo\u00eetes, ces cupcakes \u00e9taient le moyen id\u00e9al de marquer l&rsquo;occasion et de partager un peu de joie avec tous les participants.<\/p>\n\n\n\n<p class=\"wp-block-paragraph\">Nos dipl\u00f4m\u00e9s ont c\u00e9l\u00e9br\u00e9 avec des activit\u00e9s et des jeux amusants, cr\u00e9ant des souvenirs&nbsp; avec leurs amis et leurs enseignants. Ce fut une journ\u00e9e de joie, de rires et d&rsquo;excitation, tout le monde s&rsquo;est r\u00e9uni pour honorer les r\u00e9alisations et la croissance de ces jeunes apprenants incroyables.<\/p>\n\n\n\n<p class=\"wp-block-paragraph\"><br><strong>Regard vers un avenir prometteur<br><br><\/strong>Alors que nous faisons nos adieux \u00e0 la classe de 2024, nous sommes enthousiastes \u00e0 l&rsquo;id\u00e9e de tout ce qui nous attend. Cette graduation marque la fin d&rsquo;un chapitre et le d\u00e9but d&rsquo;une nouvelle aventure pour chaque enfant. Nous sommes incroyablement fiers de nos dipl\u00f4m\u00e9s et reconnaissants de la confiance et du soutien de leurs familles. Les voir grandir a \u00e9t\u00e9 un privil\u00e8ge, et nous avons h\u00e2te de voir toutes les choses merveilleuses qu&rsquo;ils accompliront \u00e0 l&rsquo;avenir.<br><strong>F\u00e9licitations \u00e0 chacun des membres de la graduation 2024 !<\/strong> Vous avez laiss\u00e9 un impact durable sur la Garderie Petit Baobab, et nous sommes tr\u00e8s fiers d&rsquo;avoir fait partie de votre parcours. Que votre avenir soit rempli de curiosit\u00e9, de joie et de possibilit\u00e9s infinies.<\/p>\n\n\n","protected":false},"excerpt":{"rendered":"<p>La c\u00e9r\u00e9monie de remise des dipl\u00f4mes de 2024 de la Garderie Petit Baobab a \u00e9t\u00e9 une c\u00e9l\u00e9bration r\u00e9confortante remplie de rires, de fiert\u00e9 et de pr\u00e9cieux souvenirs. Nos petits dipl\u00f4m\u00e9s,&#8230;<\/p>\n","protected":false},"author":254189320,"featured_media":15712,"comment_status":"closed","ping_status":"open","sticky":false,"template":"","format":"standard","meta":{"_crdt_document":"","footnotes":""},"categories":[1438],"tags":[1448,1440,1442],"class_list":["post-15706","post","type-post","status-publish","format-standard","has-post-thumbnail","hentry","category-events-fr","tag-2024-graduation-daycare","tag-orangeville-fr","tag-orangeville-children-daycare-fr"],"yoast_head":"<!-- This site is optimized with the Yoast SEO plugin v27.5 - https:\/\/yoast.com\/product\/yoast-seo-wordpress\/ -->\n<title>C\u00e9l\u00e9bration de la graduation 2024<\/title>\n<meta name=\"description\" content=\"La c\u00e9r\u00e9monie de remise des dipl\u00f4mes de 2024 de la Garderie Petit Baobab a \u00e9t\u00e9 une c\u00e9l\u00e9bration r\u00e9confortante\" \/>\n<meta name=\"robots\" content=\"index, follow, max-snippet:-1, max-image-preview:large, max-video-preview:-1\" \/>\n<link rel=\"canonical\" href=\"https:\/\/garderiepetitbaobab.ca\/fr\/2024\/11\/20\/celebration-de-la-graduation-2024\/\" \/>\n<meta property=\"og:locale\" content=\"fr_FR\" \/>\n<meta property=\"og:type\" content=\"article\" \/>\n<meta property=\"og:title\" content=\"C\u00e9l\u00e9bration de la graduation 2024\" \/>\n<meta property=\"og:description\" content=\"La c\u00e9r\u00e9monie de remise des dipl\u00f4mes de 2024 de la Garderie Petit Baobab a \u00e9t\u00e9 une c\u00e9l\u00e9bration r\u00e9confortante\" \/>\n<meta property=\"og:url\" content=\"https:\/\/garderiepetitbaobab.ca\/fr\/2024\/11\/20\/celebration-de-la-graduation-2024\/\" \/>\n<meta property=\"og:site_name\" content=\"Garderie Petit Baobab\" \/>\n<meta property=\"article:published_time\" content=\"2024-11-20T15:42:31+00:00\" \/>\n<meta property=\"article:modified_time\" content=\"2024-12-09T14:08:23+00:00\" \/>\n<meta property=\"og:image\" content=\"https:\/\/garderiepetitbaobab.ca\/wp-content\/uploads\/2024\/11\/20240627_142937-1024x768.jpg\" \/>\n\t<meta property=\"og:image:width\" content=\"1024\" \/>\n\t<meta property=\"og:image:height\" content=\"768\" \/>\n\t<meta property=\"og:image:type\" content=\"image\/jpeg\" \/>\n<meta name=\"author\" content=\"WebTeam General\" \/>\n<meta name=\"twitter:card\" content=\"summary_large_image\" \/>\n<meta name=\"twitter:label1\" content=\"\u00c9crit par\" \/>\n\t<meta name=\"twitter:data1\" content=\"WebTeam General\" \/>\n\t<meta name=\"twitter:label2\" content=\"Dur\u00e9e de lecture estim\u00e9e\" \/>\n\t<meta name=\"twitter:data2\" content=\"3 minutes\" \/>\n<script type=\"application\/ld+json\" class=\"yoast-schema-graph\">{\"@context\":\"https:\\\/\\\/schema.org\",\"@graph\":[{\"@type\":\"Article\",\"@id\":\"https:\\\/\\\/garderiepetitbaobab.ca\\\/fr\\\/2024\\\/11\\\/20\\\/celebration-de-la-graduation-2024\\\/#article\",\"isPartOf\":{\"@id\":\"https:\\\/\\\/garderiepetitbaobab.ca\\\/fr\\\/2024\\\/11\\\/20\\\/celebration-de-la-graduation-2024\\\/\"},\"author\":{\"name\":\"WebTeam General\",\"@id\":\"https:\\\/\\\/garderiepetitbaobab.ca\\\/#\\\/schema\\\/person\\\/a69344bac87f0f196f6018594b1b8e0b\"},\"headline\":\"C\u00e9l\u00e9bration de la graduation 2024 \u2013 Une journ\u00e9e de joie, de fiert\u00e9 et de nouveaux d\u00e9parts \u00e0 la Garderie Petit Baobab\u00a0!\",\"datePublished\":\"2024-11-20T15:42:31+00:00\",\"dateModified\":\"2024-12-09T14:08:23+00:00\",\"mainEntityOfPage\":{\"@id\":\"https:\\\/\\\/garderiepetitbaobab.ca\\\/fr\\\/2024\\\/11\\\/20\\\/celebration-de-la-graduation-2024\\\/\"},\"wordCount\":599,\"image\":{\"@id\":\"https:\\\/\\\/garderiepetitbaobab.ca\\\/fr\\\/2024\\\/11\\\/20\\\/celebration-de-la-graduation-2024\\\/#primaryimage\"},\"thumbnailUrl\":\"https:\\\/\\\/garderiepetitbaobab.ca\\\/wp-content\\\/uploads\\\/2024\\\/11\\\/20240627_142937.jpg\",\"keywords\":[\"2024 graduation daycare\",\"orangeville\",\"orangeville children daycare\"],\"articleSection\":[\"Events\"],\"inLanguage\":\"fr-FR\"},{\"@type\":\"WebPage\",\"@id\":\"https:\\\/\\\/garderiepetitbaobab.ca\\\/fr\\\/2024\\\/11\\\/20\\\/celebration-de-la-graduation-2024\\\/\",\"url\":\"https:\\\/\\\/garderiepetitbaobab.ca\\\/fr\\\/2024\\\/11\\\/20\\\/celebration-de-la-graduation-2024\\\/\",\"name\":\"C\u00e9l\u00e9bration de la graduation 2024\",\"isPartOf\":{\"@id\":\"https:\\\/\\\/garderiepetitbaobab.ca\\\/#website\"},\"primaryImageOfPage\":{\"@id\":\"https:\\\/\\\/garderiepetitbaobab.ca\\\/fr\\\/2024\\\/11\\\/20\\\/celebration-de-la-graduation-2024\\\/#primaryimage\"},\"image\":{\"@id\":\"https:\\\/\\\/garderiepetitbaobab.ca\\\/fr\\\/2024\\\/11\\\/20\\\/celebration-de-la-graduation-2024\\\/#primaryimage\"},\"thumbnailUrl\":\"https:\\\/\\\/garderiepetitbaobab.ca\\\/wp-content\\\/uploads\\\/2024\\\/11\\\/20240627_142937.jpg\",\"datePublished\":\"2024-11-20T15:42:31+00:00\",\"dateModified\":\"2024-12-09T14:08:23+00:00\",\"author\":{\"@id\":\"https:\\\/\\\/garderiepetitbaobab.ca\\\/#\\\/schema\\\/person\\\/a69344bac87f0f196f6018594b1b8e0b\"},\"description\":\"La c\u00e9r\u00e9monie de remise des dipl\u00f4mes de 2024 de la Garderie Petit Baobab a \u00e9t\u00e9 une c\u00e9l\u00e9bration r\u00e9confortante\",\"breadcrumb\":{\"@id\":\"https:\\\/\\\/garderiepetitbaobab.ca\\\/fr\\\/2024\\\/11\\\/20\\\/celebration-de-la-graduation-2024\\\/#breadcrumb\"},\"inLanguage\":\"fr-FR\",\"potentialAction\":[{\"@type\":\"ReadAction\",\"target\":[\"https:\\\/\\\/garderiepetitbaobab.ca\\\/fr\\\/2024\\\/11\\\/20\\\/celebration-de-la-graduation-2024\\\/\"]}]},{\"@type\":\"ImageObject\",\"inLanguage\":\"fr-FR\",\"@id\":\"https:\\\/\\\/garderiepetitbaobab.ca\\\/fr\\\/2024\\\/11\\\/20\\\/celebration-de-la-graduation-2024\\\/#primaryimage\",\"url\":\"https:\\\/\\\/garderiepetitbaobab.ca\\\/wp-content\\\/uploads\\\/2024\\\/11\\\/20240627_142937.jpg\",\"contentUrl\":\"https:\\\/\\\/garderiepetitbaobab.ca\\\/wp-content\\\/uploads\\\/2024\\\/11\\\/20240627_142937.jpg\",\"width\":4000,\"height\":3000,\"caption\":\"class of 2024\"},{\"@type\":\"BreadcrumbList\",\"@id\":\"https:\\\/\\\/garderiepetitbaobab.ca\\\/fr\\\/2024\\\/11\\\/20\\\/celebration-de-la-graduation-2024\\\/#breadcrumb\",\"itemListElement\":[{\"@type\":\"ListItem\",\"position\":1,\"name\":\"Bienvenue\",\"item\":\"https:\\\/\\\/garderiepetitbaobab.ca\\\/fr\\\/\"},{\"@type\":\"ListItem\",\"position\":2,\"name\":\"C\u00e9l\u00e9bration de la graduation 2024 \u2013 Une journ\u00e9e de joie, de fiert\u00e9 et de nouveaux d\u00e9parts \u00e0 la Garderie Petit Baobab\u00a0!\"}]},{\"@type\":\"WebSite\",\"@id\":\"https:\\\/\\\/garderiepetitbaobab.ca\\\/#website\",\"url\":\"https:\\\/\\\/garderiepetitbaobab.ca\\\/\",\"name\":\"Garderie Petit Baobab\",\"description\":\"Daycare in Orangeville, ON\",\"potentialAction\":[{\"@type\":\"SearchAction\",\"target\":{\"@type\":\"EntryPoint\",\"urlTemplate\":\"https:\\\/\\\/garderiepetitbaobab.ca\\\/?s={search_term_string}\"},\"query-input\":{\"@type\":\"PropertyValueSpecification\",\"valueRequired\":true,\"valueName\":\"search_term_string\"}}],\"inLanguage\":\"fr-FR\"},{\"@type\":\"Person\",\"@id\":\"https:\\\/\\\/garderiepetitbaobab.ca\\\/#\\\/schema\\\/person\\\/a69344bac87f0f196f6018594b1b8e0b\",\"name\":\"WebTeam General\",\"image\":{\"@type\":\"ImageObject\",\"inLanguage\":\"fr-FR\",\"@id\":\"https:\\\/\\\/secure.gravatar.com\\\/avatar\\\/b8b44aac1464f79464a831792701a4b0b2516bb0a045d4b6653c726b6f11fd0a?s=96&d=identicon&r=g\",\"url\":\"https:\\\/\\\/secure.gravatar.com\\\/avatar\\\/b8b44aac1464f79464a831792701a4b0b2516bb0a045d4b6653c726b6f11fd0a?s=96&d=identicon&r=g\",\"contentUrl\":\"https:\\\/\\\/secure.gravatar.com\\\/avatar\\\/b8b44aac1464f79464a831792701a4b0b2516bb0a045d4b6653c726b6f11fd0a?s=96&d=identicon&r=g\",\"caption\":\"WebTeam General\"},\"sameAs\":[\"http:\\\/\\\/garderiepetitbaobab.wordpress.com\"],\"url\":\"https:\\\/\\\/garderiepetitbaobab.ca\\\/fr\\\/author\\\/webteam61780d116c\\\/\"}]}<\/script>\n<!-- \/ Yoast SEO plugin. -->","yoast_head_json":{"title":"C\u00e9l\u00e9bration de la graduation 2024","description":"La c\u00e9r\u00e9monie de remise des dipl\u00f4mes de 2024 de la Garderie Petit Baobab a \u00e9t\u00e9 une c\u00e9l\u00e9bration r\u00e9confortante","robots":{"index":"index","follow":"follow","max-snippet":"max-snippet:-1","max-image-preview":"max-image-preview:large","max-video-preview":"max-video-preview:-1"},"canonical":"https:\/\/garderiepetitbaobab.ca\/fr\/2024\/11\/20\/celebration-de-la-graduation-2024\/","og_locale":"fr_FR","og_type":"article","og_title":"C\u00e9l\u00e9bration de la graduation 2024","og_description":"La c\u00e9r\u00e9monie de remise des dipl\u00f4mes de 2024 de la Garderie Petit Baobab a \u00e9t\u00e9 une c\u00e9l\u00e9bration r\u00e9confortante","og_url":"https:\/\/garderiepetitbaobab.ca\/fr\/2024\/11\/20\/celebration-de-la-graduation-2024\/","og_site_name":"Garderie Petit Baobab","article_published_time":"2024-11-20T15:42:31+00:00","article_modified_time":"2024-12-09T14:08:23+00:00","og_image":[{"width":1024,"height":768,"url":"https:\/\/garderiepetitbaobab.ca\/wp-content\/uploads\/2024\/11\/20240627_142937-1024x768.jpg","type":"image\/jpeg"}],"author":"WebTeam General","twitter_card":"summary_large_image","twitter_misc":{"\u00c9crit par":"WebTeam General","Dur\u00e9e de lecture estim\u00e9e":"3 minutes"},"schema":{"@context":"https:\/\/schema.org","@graph":[{"@type":"Article","@id":"https:\/\/garderiepetitbaobab.ca\/fr\/2024\/11\/20\/celebration-de-la-graduation-2024\/#article","isPartOf":{"@id":"https:\/\/garderiepetitbaobab.ca\/fr\/2024\/11\/20\/celebration-de-la-graduation-2024\/"},"author":{"name":"WebTeam General","@id":"https:\/\/garderiepetitbaobab.ca\/#\/schema\/person\/a69344bac87f0f196f6018594b1b8e0b"},"headline":"C\u00e9l\u00e9bration de la graduation 2024 \u2013 Une journ\u00e9e de joie, de fiert\u00e9 et de nouveaux d\u00e9parts \u00e0 la Garderie Petit Baobab\u00a0!","datePublished":"2024-11-20T15:42:31+00:00","dateModified":"2024-12-09T14:08:23+00:00","mainEntityOfPage":{"@id":"https:\/\/garderiepetitbaobab.ca\/fr\/2024\/11\/20\/celebration-de-la-graduation-2024\/"},"wordCount":599,"image":{"@id":"https:\/\/garderiepetitbaobab.ca\/fr\/2024\/11\/20\/celebration-de-la-graduation-2024\/#primaryimage"},"thumbnailUrl":"https:\/\/garderiepetitbaobab.ca\/wp-content\/uploads\/2024\/11\/20240627_142937.jpg","keywords":["2024 graduation daycare","orangeville","orangeville children daycare"],"articleSection":["Events"],"inLanguage":"fr-FR"},{"@type":"WebPage","@id":"https:\/\/garderiepetitbaobab.ca\/fr\/2024\/11\/20\/celebration-de-la-graduation-2024\/","url":"https:\/\/garderiepetitbaobab.ca\/fr\/2024\/11\/20\/celebration-de-la-graduation-2024\/","name":"C\u00e9l\u00e9bration de la graduation 2024","isPartOf":{"@id":"https:\/\/garderiepetitbaobab.ca\/#website"},"primaryImageOfPage":{"@id":"https:\/\/garderiepetitbaobab.ca\/fr\/2024\/11\/20\/celebration-de-la-graduation-2024\/#primaryimage"},"image":{"@id":"https:\/\/garderiepetitbaobab.ca\/fr\/2024\/11\/20\/celebration-de-la-graduation-2024\/#primaryimage"},"thumbnailUrl":"https:\/\/garderiepetitbaobab.ca\/wp-content\/uploads\/2024\/11\/20240627_142937.jpg","datePublished":"2024-11-20T15:42:31+00:00","dateModified":"2024-12-09T14:08:23+00:00","author":{"@id":"https:\/\/garderiepetitbaobab.ca\/#\/schema\/person\/a69344bac87f0f196f6018594b1b8e0b"},"description":"La c\u00e9r\u00e9monie de remise des dipl\u00f4mes de 2024 de la Garderie Petit Baobab a \u00e9t\u00e9 une c\u00e9l\u00e9bration r\u00e9confortante","breadcrumb":{"@id":"https:\/\/garderiepetitbaobab.ca\/fr\/2024\/11\/20\/celebration-de-la-graduation-2024\/#breadcrumb"},"inLanguage":"fr-FR","potentialAction":[{"@type":"ReadAction","target":["https:\/\/garderiepetitbaobab.ca\/fr\/2024\/11\/20\/celebration-de-la-graduation-2024\/"]}]},{"@type":"ImageObject","inLanguage":"fr-FR","@id":"https:\/\/garderiepetitbaobab.ca\/fr\/2024\/11\/20\/celebration-de-la-graduation-2024\/#primaryimage","url":"https:\/\/garderiepetitbaobab.ca\/wp-content\/uploads\/2024\/11\/20240627_142937.jpg","contentUrl":"https:\/\/garderiepetitbaobab.ca\/wp-content\/uploads\/2024\/11\/20240627_142937.jpg","width":4000,"height":3000,"caption":"class of 2024"},{"@type":"BreadcrumbList","@id":"https:\/\/garderiepetitbaobab.ca\/fr\/2024\/11\/20\/celebration-de-la-graduation-2024\/#breadcrumb","itemListElement":[{"@type":"ListItem","position":1,"name":"Bienvenue","item":"https:\/\/garderiepetitbaobab.ca\/fr\/"},{"@type":"ListItem","position":2,"name":"C\u00e9l\u00e9bration de la graduation 2024 \u2013 Une journ\u00e9e de joie, de fiert\u00e9 et de nouveaux d\u00e9parts \u00e0 la Garderie Petit Baobab\u00a0!"}]},{"@type":"WebSite","@id":"https:\/\/garderiepetitbaobab.ca\/#website","url":"https:\/\/garderiepetitbaobab.ca\/","name":"Garderie Petit Baobab","description":"Daycare in Orangeville, ON","potentialAction":[{"@type":"SearchAction","target":{"@type":"EntryPoint","urlTemplate":"https:\/\/garderiepetitbaobab.ca\/?s={search_term_string}"},"query-input":{"@type":"PropertyValueSpecification","valueRequired":true,"valueName":"search_term_string"}}],"inLanguage":"fr-FR"},{"@type":"Person","@id":"https:\/\/garderiepetitbaobab.ca\/#\/schema\/person\/a69344bac87f0f196f6018594b1b8e0b","name":"WebTeam General","image":{"@type":"ImageObject","inLanguage":"fr-FR","@id":"https:\/\/secure.gravatar.com\/avatar\/b8b44aac1464f79464a831792701a4b0b2516bb0a045d4b6653c726b6f11fd0a?s=96&d=identicon&r=g","url":"https:\/\/secure.gravatar.com\/avatar\/b8b44aac1464f79464a831792701a4b0b2516bb0a045d4b6653c726b6f11fd0a?s=96&d=identicon&r=g","contentUrl":"https:\/\/secure.gravatar.com\/avatar\/b8b44aac1464f79464a831792701a4b0b2516bb0a045d4b6653c726b6f11fd0a?s=96&d=identicon&r=g","caption":"WebTeam General"},"sameAs":["http:\/\/garderiepetitbaobab.wordpress.com"],"url":"https:\/\/garderiepetitbaobab.ca\/fr\/author\/webteam61780d116c\/"}]}},"jetpack_featured_media_url":"https:\/\/garderiepetitbaobab.ca\/wp-content\/uploads\/2024\/11\/20240627_142937.jpg","jetpack_shortlink":"https:\/\/wp.me\/pfXJwv-45k","_links":{"self":[{"href":"https:\/\/garderiepetitbaobab.ca\/fr\/wp-json\/wp\/v2\/posts\/15706","targetHints":{"allow":["GET"]}}],"collection":[{"href":"https:\/\/garderiepetitbaobab.ca\/fr\/wp-json\/wp\/v2\/posts"}],"about":[{"href":"https:\/\/garderiepetitbaobab.ca\/fr\/wp-json\/wp\/v2\/types\/post"}],"author":[{"embeddable":true,"href":"https:\/\/garderiepetitbaobab.ca\/fr\/wp-json\/wp\/v2\/users\/254189320"}],"replies":[{"embeddable":true,"href":"https:\/\/garderiepetitbaobab.ca\/fr\/wp-json\/wp\/v2\/comments?post=15706"}],"version-history":[{"count":10,"href":"https:\/\/garderiepetitbaobab.ca\/fr\/wp-json\/wp\/v2\/posts\/15706\/revisions"}],"predecessor-version":[{"id":16010,"href":"https:\/\/garderiepetitbaobab.ca\/fr\/wp-json\/wp\/v2\/posts\/15706\/revisions\/16010"}],"wp:featuredmedia":[{"embeddable":true,"href":"https:\/\/garderiepetitbaobab.ca\/fr\/wp-json\/wp\/v2\/media\/15712"}],"wp:attachment":[{"href":"https:\/\/garderiepetitbaobab.ca\/fr\/wp-json\/wp\/v2\/media?parent=15706"}],"wp:term":[{"taxonomy":"category","embeddable":true,"href":"https:\/\/garderiepetitbaobab.ca\/fr\/wp-json\/wp\/v2\/categories?post=15706"},{"taxonomy":"post_tag","embeddable":true,"href":"https:\/\/garderiepetitbaobab.ca\/fr\/wp-json\/wp\/v2\/tags?post=15706"}],"curies":[{"name":"wp","href":"https:\/\/api.w.org\/{rel}","templated":true}]}}